[{"@context":"https:\/\/schema.org\/","@type":"Article","@id":"https:\/\/www.peteroravec.sk\/ako-si-vybrat-spravneho-kadernika\/#Article","mainEntityOfPage":"https:\/\/www.peteroravec.sk\/ako-si-vybrat-spravneho-kadernika\/","headline":"Ako si vybra\u0165 spr\u00e1vneho kadern\u00edka?","name":"Ako si vybra\u0165 spr\u00e1vneho kadern\u00edka?","description":"\u00a0Pre niektor\u00e9 \u017eeny je to najvz\u00e1cnej\u0161ie, \u010do na sebe maj\u00fa a\u00a0pr\u00e1ve preto sa o\u00a0to staraj\u00fa s\u00a0re\u0161pektom, ale aj s\u00a0l\u00e1skou, ktor\u00fa","datePublished":"2018-02-28","dateModified":"2023-04-25","author":{"@type":"Person","@id":"https:\/\/www.peteroravec.sk\/author\/#Person","name":"","url":"https:\/\/www.peteroravec.sk\/author\/","identifier":1,"image":{"@type":"ImageObject","@id":"https:\/\/secure.gravatar.com\/avatar\/e2bc6fe70dccf39a55c73bbd7bca9ee949cec8871fdab6d0b20905b7ccca14f3?s=96&d=mm&r=g","url":"https:\/\/secure.gravatar.com\/avatar\/e2bc6fe70dccf39a55c73bbd7bca9ee949cec8871fdab6d0b20905b7ccca14f3?s=96&d=mm&r=g","height":96,"width":96}},"publisher":{"@type":"Organization","name":"peteroravec.sk","logo":{"@type":"ImageObject","@id":"\/logo.png","url":"\/logo.png","width":600,"height":60}},"image":{"@type":"ImageObject","@id":"https:\/\/www.peteroravec.sk\/wp-content\/uploads\/img_a287499_w2017_t1524940021.jpg","url":"https:\/\/www.peteroravec.sk\/wp-content\/uploads\/img_a287499_w2017_t1524940021.jpg","height":0,"width":0},"url":"https:\/\/www.peteroravec.sk\/ako-si-vybrat-spravneho-kadernika\/","about":["Slu\u017eby"],"wordCount":415,"articleBody":"\u00a0Pre niektor\u00e9 \u017eeny je to najvz\u00e1cnej\u0161ie, \u010do na sebe maj\u00fa a\u00a0pr\u00e1ve preto sa o\u00a0to staraj\u00fa s\u00a0re\u0161pektom, ale aj s\u00a0l\u00e1skou, ktor\u00fa v\u00e4\u010d\u0161ina \u013eud\u00ed venuje svojim dom\u00e1cim mil\u00e1\u010dikom. Pr\u00e1ve preto maj\u00fa \u017eeny des z\u00a0dvoch vec\u00ed. Prvou je, \u017ee by sa dali ostriha\u0165 nakr\u00e1tko. A\u00a0tou druhou je, \u017ee sa m\u00e1 niekto dot\u00fdka\u0165 ich vlasov. Nebudeme si klama\u0165, to strihanie je predsa len v\u017edy na v\u00e1s. Ak v\u0161ak n\u00e1jdete dobr\u00fa kadern\u00ed\u010dku, pre\u010do by ste sa nezverili pr\u00e1ve do jej r\u00fak?N\u00e1js\u0165 dobr\u00fa kadern\u00ed\u010dku je v\u0161ak ako h\u013eada\u0165 ihlu v\u00a0kope sena. Nie\u010do tak\u00e9 v\u00e1m m\u00f4\u017ee trva\u0165 aj roky. V\u00a0niektor\u00fdch pr\u00edpadoch mo\u017eno aj ove\u013ea viac. A\u00a0ve\u013emi \u010dasto sa st\u00e1va, \u017ee ak aj n\u00e1jdete nejak\u00fa, o\u00a0ktorej si mysl\u00edte, \u017ee je \u201et\u00e1 prav\u00e1\u201c, urob\u00ed v\u00e1m z\u00a0va\u0161ich vlasov hotov\u00e9 vt\u00e1\u010die hniezdo. A\u00a0to predsa nechcete. Pr\u00e1ve preto by ste malo porozm\u00fd\u0161\u013ea\u0165 nad t\u00fdm, ak\u00fdm sp\u00f4sobom si kadern\u00ed\u010dku vybra\u0165.Na pohlavie sa nepozerajteAj ke\u010f st\u00e1le plat\u00ed to, \u017ee kadern\u00ed\u010dky s\u00fa v\u00e4\u010d\u0161inou \u017eeny, pre\u010do by ste nemohli zvoli\u0165 mu\u017ea, ke\u010f ste od niekoho po\u010duli, \u017ee je dobr\u00fd? V\u00a0dne\u0161nej dobe je povolanie kadern\u00edka atrakt\u00edvne aj pre mu\u017eov a\u00a0ke\u010f v\u00e1s vie ostriha\u0165 naozaj dobre, tak pre\u010do nie? Nikdy neviete, kedy n\u00e1jdete niekoho, kto bude va\u0161im vlasom rozumie\u0165.Po\u010d\u00favajte radyNechajte si poradi\u0165 od svojich kamar\u00e1tok, zn\u00e1mych alebo aj od koleg\u00fd\u0148. Ak niekto chod\u00ed ku kadern\u00ed\u010dke \u010di kadern\u00edkovi pravidelne, ur\u010dite bude vedie\u0165, kto odvedie ak\u00fa pr\u00e1cu. Pr\u00e1ve preto by ste mali veri\u0165 tomu, \u010do v\u00e1m odpor\u00fa\u010daj\u00fa va\u0161e priate\u013eky. Nebud\u00fa v\u00e1m predsa odpor\u00fa\u010da\u0165 niekoho, o\u00a0kom vedia, \u017ee nie je dobr\u00fd. Ak to nie je n\u00e1hodou niekto, kto v\u00e1m va\u0161e vlasy z\u00e1vid\u00ed.ProfesionalitaAj ke\u010f to mo\u017eno niektor\u00ed \u013eudia vn\u00edmaj\u00fa ako stereotyp, skuto\u010dne plat\u00ed, \u017ee k\u00a0dobr\u00fdm kadern\u00edkom je ve\u013emi \u0165a\u017ek\u00e9 sa dosta\u0165. To znamen\u00e1, \u017ee v\u00e4\u010d\u0161inou m\u00e1vaj\u00fa st\u00e1le plno. V\u017edy preto pred pr\u00edchodom do sal\u00f3nu pozerajte, ko\u013eko \u013eud\u00ed tam denne pr\u00edde. Aj takto si m\u00f4\u017eete overi\u0165 \u010di ste sa rozhodli spr\u00e1vne.                                                                                                                                                                                                                                                                                                                                                                                        3.4\/5 - (5 votes)        "},{"@context":"https:\/\/schema.org\/","@type":"BreadcrumbList","itemListElement":[{"@type":"ListItem","position":1,"name":"Ako si vybra\u0165 spr\u00e1vneho kadern\u00edka?","item":"https:\/\/www.peteroravec.sk\/ako-si-vybrat-spravneho-kadernika\/#breadcrumbitem"}]}]