[{"@context":"https:\/\/schema.org\/","@type":"Article","@id":"https:\/\/www.peteroravec.sk\/ktore-svetla-su-mainstream\/#Article","mainEntityOfPage":"https:\/\/www.peteroravec.sk\/ktore-svetla-su-mainstream\/","headline":"Ktor\u00e9 svetl\u00e1 s\u00fa mainstream?","name":"Ktor\u00e9 svetl\u00e1 s\u00fa mainstream?","description":"Neexistuje nie\u010do, \u010do by mlad\u00fd \u010dlovek nechcel. Po \u010dom by naozaj priam z\u00fafalo net\u00fa\u017eil. Mysl\u00edte sa, \u017ee sa m\u00fdlime? To","datePublished":"2018-06-20","dateModified":"2023-04-25","author":{"@type":"Person","@id":"https:\/\/www.peteroravec.sk\/author\/#Person","name":"","url":"https:\/\/www.peteroravec.sk\/author\/","identifier":1,"image":{"@type":"ImageObject","@id":"https:\/\/secure.gravatar.com\/avatar\/e2bc6fe70dccf39a55c73bbd7bca9ee949cec8871fdab6d0b20905b7ccca14f3?s=96&d=mm&r=g","url":"https:\/\/secure.gravatar.com\/avatar\/e2bc6fe70dccf39a55c73bbd7bca9ee949cec8871fdab6d0b20905b7ccca14f3?s=96&d=mm&r=g","height":96,"width":96}},"publisher":{"@type":"Organization","name":"peteroravec.sk","logo":{"@type":"ImageObject","@id":"\/logo.png","url":"\/logo.png","width":600,"height":60}},"image":{"@type":"ImageObject","@id":"https:\/\/www.peteroravec.sk\/wp-content\/uploads\/img_a288780_w2024_t1529653096.jpg","url":"https:\/\/www.peteroravec.sk\/wp-content\/uploads\/img_a288780_w2024_t1529653096.jpg","height":0,"width":0},"url":"https:\/\/www.peteroravec.sk\/ktore-svetla-su-mainstream\/","wordCount":436,"articleBody":"        Neexistuje nie\u010do, \u010do by mlad\u00fd \u010dlovek nechcel. Po \u010dom by naozaj priam z\u00fafalo net\u00fa\u017eil. Mysl\u00edte sa, \u017ee sa m\u00fdlime? To v\u0161ak nie je celkom pravda a my v\u00e1m aj uk\u00e1\u017eeme, pre\u010do to tak vlastne je. Mlad\u00ed \u013eudia s\u00fa posadnut\u00ed t\u00fdm, aby boli modern\u00ed. Nechceme \u0161katu\u013ekova\u0165 ani d\u00e1va\u0165 v\u0161etk\u00fdch do jedn\u00e9ho vreca, ale ke\u010f sa na to pozriete v glob\u00e1le, skuto\u010dne je to tak. Chceme, aby sme boli in\u00ed. A to je nie\u010do, \u010d\u00edm sme naozaj posadnut\u00ed. In\u00ed, origin\u00e1lni, v\u00fdnimo\u010dn\u00ed, to s\u00fa slov\u00e1, ktor\u00e9 sa v na\u0161ej dobe sklo\u0148uj\u00fa skuto\u010dne \u010dasto. Nie je to v\u0161ak tak, \u017ee ke\u010f s\u00fa v\u00fdnimo\u010dn\u00ed v\u0161etci, nie je n\u00edm vlastne nikto?\u0164a\u017eko poveda\u0165. Ale m\u00f4\u017eete sa obklopova\u0165 v\u00fdnimo\u010dn\u00fdmi vecami, ktor\u00e9 s\u00fa pre v\u00e1s d\u00f4le\u017eit\u00e9. Mo\u017eno m\u00e1te najprv pocit, \u017ee presne toto je nie\u010do, \u010do nechcete, \u017ee presne toto je nie\u010do, \u010do sa v\u00e1m a\u017e tak nep\u00e1\u010di, ale verte tomu, \u017ee m\u00f4\u017eete urobi\u0165 v\u0161etko preto, aby ste to zmenili a aby ste s t\u00fdm skuto\u010dne zato\u010dili. Mainstream je nie\u010do, \u010do nechceme, ale tak\u00fdmto sp\u00f4sobom \u010dasto ods\u00fadime veci, ktor\u00e9 by pre n\u00e1s boli ako stvoren\u00e9, nem\u00e1te ten pocit? Nakoniec uvid\u00edte, \u017ee toto bolo nie\u010do, \u010do ste skuto\u010dne chceli. A to je kr\u00e1sne. Najlep\u0161\u00ed pr\u00edklad s\u00fa LED p\u00e1siky. Ich popularita skuto\u010dne vyst\u00fapila na vrchol a dr\u017eia sa na nich, no pr\u00e1ve to mlad\u00fdch \u013eud\u00ed, ktor\u00ed chc\u00fa nie\u010do neokukan\u00e9, pr\u00edli\u0161 nel\u00e1ka. Je to v\u0161ak nie\u010do, na \u010do by ste mali presta\u0165 myslie\u0165 a zamera\u0165 sa na veci, ktor\u00e9 v\u00e1s bavia a ktor\u00e9 sa v\u00e1m skuto\u010dne p\u00e1\u010dia. Verte tomu, \u017ee presne toto v\u00e1s bav\u00ed a \u017ee presne toto bude nie\u010do, \u010do v\u00e1s bude v ka\u017edom jednom momente obklopova\u0165. Nakoniec sa v\u00e1m to bude p\u00e1\u010di\u0165 a budete s t\u00fdm stoto\u017enen\u00fd. Uvid\u00edte, \u017ee to je nie\u010do, \u010do naozaj potrebujete a bude to tak aj na\u010falej, a to len v\u010faka v\u00e1m. Svetl\u00e1 m\u00f4\u017eu by\u0165 v\u00fdnimo\u010dn\u00e9 roky, napriek tomu, \u017ee ich chce ve\u013emi ve\u013ea \u013eud\u00ed. Tak to sk\u00faste a napokon zist\u00edte sami, \u017ee toto bolo nie\u010do, o \u010do v\u00e1m \u0161lo cel\u00fd \u010das. Len o to, aby bolo v\u0161etko perfektn\u00e9 a kr\u00e1sne.                                                                                                                                                                                                                                                                                                                                                                                           3.8\/5 - (5 votes)        "},{"@context":"https:\/\/schema.org\/","@type":"BreadcrumbList","itemListElement":[{"@type":"ListItem","position":1,"name":"Ktor\u00e9 svetl\u00e1 s\u00fa mainstream?","item":"https:\/\/www.peteroravec.sk\/ktore-svetla-su-mainstream\/#breadcrumbitem"}]}]