[{"@context":"https:\/\/schema.org\/","@type":"Article","@id":"https:\/\/www.peteroravec.sk\/rozumiete-zenam\/#Article","mainEntityOfPage":"https:\/\/www.peteroravec.sk\/rozumiete-zenam\/","headline":"Rozumiete \u017een\u00e1m?","name":"Rozumiete \u017een\u00e1m?","description":"\u017deny s\u00fa naozaj neuverite\u013ene n\u00e1ro\u010dn\u00e9 bytosti. Na seba, ale aj na svoje okolie. Ka\u017ed\u00fd, kto sa v nich vyzn\u00e1, naozaj","datePublished":"2018-01-26","dateModified":"2023-04-25","author":{"@type":"Person","@id":"https:\/\/www.peteroravec.sk\/author\/#Person","name":"","url":"https:\/\/www.peteroravec.sk\/author\/","identifier":1,"image":{"@type":"ImageObject","@id":"https:\/\/secure.gravatar.com\/avatar\/e2bc6fe70dccf39a55c73bbd7bca9ee949cec8871fdab6d0b20905b7ccca14f3?s=96&d=mm&r=g","url":"https:\/\/secure.gravatar.com\/avatar\/e2bc6fe70dccf39a55c73bbd7bca9ee949cec8871fdab6d0b20905b7ccca14f3?s=96&d=mm&r=g","height":96,"width":96}},"publisher":{"@type":"Organization","name":"peteroravec.sk","logo":{"@type":"ImageObject","@id":"\/logo.png","url":"\/logo.png","width":600,"height":60}},"image":{"@type":"ImageObject","@id":"https:\/\/www.peteroravec.sk\/wp-content\/uploads\/img_a285086_w16535_t1519303380.jpg","url":"https:\/\/www.peteroravec.sk\/wp-content\/uploads\/img_a285086_w16535_t1519303380.jpg","height":0,"width":0},"url":"https:\/\/www.peteroravec.sk\/rozumiete-zenam\/","about":["Produkty"],"wordCount":419,"articleBody":"      \u017deny s\u00fa naozaj neuverite\u013ene n\u00e1ro\u010dn\u00e9 bytosti. Na seba, ale aj na svoje okolie. Ka\u017ed\u00fd, kto sa v nich vyzn\u00e1, naozaj vie, \u017ee je to ve\u013emi d\u00f4le\u017eit\u00e9. Chc\u00fa ma\u0165 v\u0161etko v tot\u00e1lnom poriadku a v\u00e4\u010d\u0161ina z nich je pr\u00e1ve preto ve\u013emi ve\u013ek\u00e1 perfekcionistka. Opl\u00fdvaj\u00fa schopnos\u0165ou v\u0161\u00edma\u0165 si ka\u017ed\u00fd jeden detail. To je nie\u010do, \u010do mu\u017ei obdivuj\u00fa, no z\u00e1rove\u0148 to ve\u013emi neob\u013eubuj\u00fa. Ani sa niet \u010domu \u010dudova\u0165, preto\u017ee tie detaily si zvykn\u00fa v\u0161\u00edma\u0165 hlavne na nich a to ich teda ve\u013emi nete\u0161\u00ed. \u00c1no, je pravdou, \u017ee to nemaj\u00fa chlapi so \u017eenami ve\u013emi jednoduch\u00e9. Ale naopak to plat\u00ed \u00faplne takisto, nemysl\u00edte?\u017deny maj\u00fa na chlapov tie\u017e ve\u013emi \u010dasto \u0165a\u017ek\u00e9 srdce. A my sa im teda absol\u00fatne ne\u010dudujeme. Ve\u010f je to predsa norm\u00e1lne, \u017ee sa hnev\u00e1me. Ke\u010f sme v\u0161ak podr\u00e1\u017eden\u00e9 a m\u00e1me svoje dni, je \u00faplne najlep\u0161ie, ke\u010f n\u00e1s proste nech\u00e1te tak. Ke\u010f n\u00e1s nech\u00e1te, nech sa vyz\u00farime, hod\u00edte n\u00e1m \u010dokol\u00e1dku a n\u00e1s to po \u010dase prejde samo od seba. T\u00fdm si m\u00f4\u017eete by\u0165 viac, ne\u017e len ist\u00fd. Hnev n\u00e1s v\u017edy prejde, niekedy tak r\u00fdchlo, \u017ee si to ani nestihneme uvedomi\u0165. V tak\u00fdch chv\u00ed\u013each v\u0161ak v prvom rade potrebujeme hlavne \u010das pre seba. To je nie\u010do, \u010do n\u00e1s naozaj nap\u013a\u0148a a bav\u00ed. Z r\u00f4znych d\u00f4vodov. Jednoducho sa ve\u013emi rady star\u00e1me o seba.Rady rob\u00edme \u010dinnosti, ktor\u00e9 s\u00fa pre n\u00e1s ist\u00fdm sp\u00f4sobom kreat\u00edvne, no z\u00e1rove\u0148 n\u00e1s vylep\u0161uj\u00fa a vyzer\u00e1me skuto\u010dne dobre. Upokojuje n\u00e1s to. Sme vtedy rozhodnut\u00e9, \u017ee to budeme robi\u0165 \u010dastej\u0161ie. V tak\u00fdchto chv\u00ed\u013each si zvykneme robi\u0165 manik\u00faru, preto\u017ee n\u00e1s to naozaj dost\u00e1va  https:\/\/www.mojandroid.sk\/htc-10-aktualizacia-android-8-0-oreo\/ do hladiny alfa. Zoberieme si na\u0161e laky alebo g\u00e9l laky, jednoducho to, \u010do m\u00e1me presne v tej chv\u00edli k dispoz\u00edcii a u\u017e sa realizujeme. To je nie\u010do, \u010do n\u00e1s bav\u00ed a nemal by n\u00e1m to preto nikto zobra\u0165. S kr\u00e1snou manik\u00farou sa predsa ani nem\u00f4\u017eeme na nikoho hneva\u0165. Preto sa teda nebudeme. Ani na v\u00e1s, p\u00e1ni. Ve\u010f \u010do by sme bez v\u00e1s robili, no uznajte sami, nie?                                                                                                                                                                                                                                                                                                                                                                                          4.4\/5 - (9 votes)        "},{"@context":"https:\/\/schema.org\/","@type":"BreadcrumbList","itemListElement":[{"@type":"ListItem","position":1,"name":"Rozumiete \u017een\u00e1m?","item":"https:\/\/www.peteroravec.sk\/rozumiete-zenam\/#breadcrumbitem"}]}]