[{"@context":"https:\/\/schema.org\/","@type":"Article","@id":"https:\/\/www.peteroravec.sk\/vymazanie-uctu-na-facebooku-nie-je-to-lahke-ale-da-sa-to\/#Article","mainEntityOfPage":"https:\/\/www.peteroravec.sk\/vymazanie-uctu-na-facebooku-nie-je-to-lahke-ale-da-sa-to\/","headline":"Vymazanie \u00fa\u010dtu na facebooku? Nie je to \u013eahk\u00e9, ale d\u00e1 sa to","name":"Vymazanie \u00fa\u010dtu na facebooku? Nie je to \u013eahk\u00e9, ale d\u00e1 sa to","description":"Posledn\u00fd mesiac sa m\u00f4\u017eeme ka\u017ed\u00fdm d\u0148om a z ka\u017edej strany dopo\u010du\u0165 o \u00fadajnom obrovskom fiasku, kedy Facebook umo\u017enil zneu\u017eitie inform\u00e1ci\u00ed","datePublished":"2018-01-29","dateModified":"2023-04-25","author":{"@type":"Person","@id":"https:\/\/www.peteroravec.sk\/author\/#Person","name":"","url":"https:\/\/www.peteroravec.sk\/author\/","identifier":1,"image":{"@type":"ImageObject","@id":"https:\/\/secure.gravatar.com\/avatar\/e2bc6fe70dccf39a55c73bbd7bca9ee949cec8871fdab6d0b20905b7ccca14f3?s=96&d=mm&r=g","url":"https:\/\/secure.gravatar.com\/avatar\/e2bc6fe70dccf39a55c73bbd7bca9ee949cec8871fdab6d0b20905b7ccca14f3?s=96&d=mm&r=g","height":96,"width":96}},"publisher":{"@type":"Organization","name":"peteroravec.sk","logo":{"@type":"ImageObject","@id":"\/logo.png","url":"\/logo.png","width":600,"height":60}},"image":{"@type":"ImageObject","@id":"https:\/\/www.peteroravec.sk\/wp-content\/uploads\/img_a286504_w2017_t1522332111.jpg","url":"https:\/\/www.peteroravec.sk\/wp-content\/uploads\/img_a286504_w2017_t1522332111.jpg","height":0,"width":0},"url":"https:\/\/www.peteroravec.sk\/vymazanie-uctu-na-facebooku-nie-je-to-lahke-ale-da-sa-to\/","about":["Www"],"wordCount":471,"articleBody":"Posledn\u00fd mesiac sa m\u00f4\u017eeme ka\u017ed\u00fdm d\u0148om a z ka\u017edej strany dopo\u010du\u0165 o \u00fadajnom obrovskom fiasku, kedy Facebook umo\u017enil zneu\u017eitie inform\u00e1ci\u00ed z profilov svojich u\u017e\u00edvate\u013eov, \u010di\u017ee nieko\u013eko mili\u00f3nov \u013eud\u00ed. Ne\u010dudujem sa, ak v\u00e1s t\u00e1to inform\u00e1cia pob\u00fari, ale mo\u017eno s touto sie\u0165ou za\u017e\u00edvate aj in\u00e9 probl\u00e9my, ktor\u00e9 m\u00f4\u017eu by\u0165 spojen\u00e9 s nadmernou z\u00e1vislos\u0165ou, nepokojom o tom, \u010do si o v\u00e1s myslia druh\u00ed, alebo tam mo\u017eno chtiac &#8211; nechtiac stret\u00e1vate osoby, ktor\u00fdm by ste sa chceli vyhn\u00fa\u0165 a zis\u0165ujete, \u017ee z\u00e1vislos\u0165 od facebooku v\u00e1m pomaly ale isto ni\u010d\u00ed nervy \u010di v\u00e1s ober\u00e1 o \u010das. Ak podobn\u00fd pocit nem\u00e1te, je to v poriadku, ak podobn\u00e9 pocity za\u017e\u00edvate, alebo v\u00e1s des\u00ed ned\u00e1vne fiasko a chcete sa z tohto koloto\u010da slobodn\u00fdm sp\u00f4sobom dosta\u0165 von, v tomto \u010dl\u00e1nku si vysvetl\u00edme mo\u017enosti, ktor\u00e9 s\u00favisia so zru\u0161en\u00edm \u00fa\u010dtu na facebooku.Aby bolo jasn\u00e9, zru\u0161enie \u00fa\u010dtu neobhajujem a ani nen\u00fatim, facebook je s\u00fa\u010das\u0165ou dne\u0161n\u00e9ho soci\u00e1lneho \u017eivota, ale rovnakou mierou ch\u00e1pem, pokia\u013e \u00fa\u010det zru\u0161i\u0165 chcete a jeho aktu\u00e1lna dostupnos\u0165 v\u00e1m pripad\u00e1 sk\u00f4r otravn\u00e1 \u010di nes\u00fakromn\u00e1. Takisto som si vedom\u00fd, \u017ee zru\u0161enie \u00fa\u010dtu zrejme nie je takou slobodnou a jednoduchou vo\u013ebou, ako by sa mohlo zda\u0165. Som za slobodn\u00e9 rozhodnutia \u013eud\u00ed, preto v\u00e1m v tomto \u010dl\u00e1nku op\u00ed\u0161em n\u00e1vod, ako v pr\u00edpade z\u00e1ujmu pri zru\u0161en\u00ed \u00fa\u010dtu postupova\u0165.1.\u00a0\u00a0\u00a0\u00a0\u00a0\u00a0 S\u00edce existuje mo\u017enos\u0165 deaktivova\u0165, no jej \u00fa\u010del je neakt\u00edvnos\u0165 \u00fa\u010dtu, ktor\u00e9ho \u00fadaje si ale facebook nadalej pam\u00e4t\u00e1 a k op\u00e4tovnej aktiv\u00e1ci\u00ed sta\u010d\u00ed, ak sa prihl\u00e1site. Je to dos\u0165 slab\u00e1 funkcia prav\u00e9ho v\u00fdznamu deaktiv\u00e1cia. V podstate je to podobn\u00e9, akoby ste sa len odhl\u00e1sili. No pokia\u013e v\u00e1m sta\u010d\u00ed aspo\u0148 t\u00e1to mo\u017enos\u0165 deaktiv\u00e1cie \u00fa\u010dtu, dostanete sa k nej \u013eahko cez nastavenia a n\u00e1sledne cez v\u0161eobecn\u00e9 nastavenia \u00fa\u010dtu.2.\u00a0\u00a0\u00a0\u00a0\u00a0\u00a0 Ak chcete svoj \u00fa\u010det odstr\u00e1ni\u0165 natrvalo a efekt\u00edvne, mus\u00edte podnikn\u00fa\u0165 krok cez centrum pomoci. V pravom rohu hore vid\u00edme ikonku ot\u00e1znika, cez ktor\u00fa sa tam dostaneme. N\u00e1sledne n\u00e1jdeme li\u0161tu Spravovanie m\u00f4jho \u00fa\u010dtu a klikneme na v porad\u00ed posledn\u00fa mo\u017enos\u0165 Deactivating or Deleting Your Account. \u010ealej n\u00e1jdite mo\u017enos\u0165 How do I permanently delete my account a kliknite na vetu kon\u010diacu let us know. Kone\u010dne sa dost\u00e1vate k vo\u013ebe, v ktorej m\u00f4\u017eete svoj \u00fa\u010det odstr\u00e1ni\u0165. Po t\u00fdchto krokoch v\u0161ak definit\u00edvne vymazanie \u00fa\u010dtu trv\u00e1 e\u0161te 14 dn\u00ed v pr\u00edpade, ak by ste si to rozmysleli.\u00a0                                                                                                                                                                                                                                                                                                                                                                                        3.7\/5 - (8 votes)        "},{"@context":"https:\/\/schema.org\/","@type":"BreadcrumbList","itemListElement":[{"@type":"ListItem","position":1,"name":"Vymazanie \u00fa\u010dtu na facebooku? Nie je to \u013eahk\u00e9, ale d\u00e1 sa to","item":"https:\/\/www.peteroravec.sk\/vymazanie-uctu-na-facebooku-nie-je-to-lahke-ale-da-sa-to\/#breadcrumbitem"}]}]